{"id":2482,"date":"2019-09-23T13:38:26","date_gmt":"2019-09-23T17:38:26","guid":{"rendered":"http:\/\/blinkyabooks.com\/?p=2482"},"modified":"2026-01-02T08:18:35","modified_gmt":"2026-01-02T08:18:35","slug":"hispanic-heritage-month-celebrating-the-puerto-rican-authors-of-my-teen-years","status":"publish","type":"post","link":"https:\/\/staging.harpercollinsfocus.hcusweb.com\/blinkyabooks\/hispanic-heritage-month-celebrating-the-puerto-rican-authors-of-my-teen-years\/","title":{"rendered":"Hispanic Heritage Month: Celebrating The Puerto Rican Authors Of My Teen Years"},"content":{"rendered":"<p><strong>Special Blog Post by Mayra Cuevas, author of <em>Salty, Bitter, Sweet<\/em><\/strong><\/p>\n<p>There are a million and one reasons why I\u2019m lucky to have been born and raised in Puerto Rico. Its beaches, mountains, food, music, culture, people can all be described in one word: magical.<\/p>\n<p>This magic is also manifested in the written word of authors like Rosario Ferr\u00e9, Manuel A. Alonso, Lola Rodriguez de Ti\u00f3, Julia de Burgos, Luis Pal\u00e9s Matos, Manuel Zeno Gand\u00eda and Ren\u00e9 Marqu\u00e9z. Growing up, their work inspired my first few lines of poetry and my dreams of becoming a storyteller and author. They also offered much-needed refuge from the chaos at home, from my parents\u2019 divorce, and a depression diagnosis during my teen years.<\/p>\n<p>As I read their books, I saw myself in Afro-Antillean rhythms of Pal\u00e9s Matos\u2019 <em>Tunt\u00fan de Pasa y Grifer\u00eda. <\/em>The playful sway of the tu-cu-t\u00fa and the to-co-t\u00f3 read like an island lullaby.<\/p>\n<p>I believed Lola Rodriguez de Ti\u00f3 when she said we should fight for our freedom, because Cuba and Puerto Rico where \u201cde un p\u00e1jaro las dos alas\u201d&#8211; the two wings of a bird. Always the rebel, her call to arms made my heart soar with a revolutionary pride. And to this day my eyes fill with tears when I listen to <em>La Borinque\u00f1a, <\/em>a song full of longing and hope for our patria.<\/p>\n<p>I felt every bit of heartbreak in the pages of Julia de Burgos\u2019 <em>R\u00edo Grande de Lo\u00edza <\/em>as well. Her poetry taught me the power of words to connect our hearts on the page. In the moments I sat alone with Julia\u2019s books, we were of one mind.<\/p>\n<p>I left the Island 19 years ago, but these stories have stayed with me. They were a shelter at a time of great turmoil, and for this I am grateful to these authors I\u2019ve never met. (Most had already died by the time I was born.)<\/p>\n<p>Now, as an author myself, I hope I can pass on this story-telling tradition to others. A tradition that celebrates the joys and sorrows of Hispanic people and serves as a mirror to our communities. A tradition that I am proud to be a part of.<\/p>\n<p>Feliz Hispanic Heritage Month!<\/p>\n<p><strong>ABOUT MAYRA:<\/strong><br \/>\nBorn and raised in Puerto Rico,\u00a0Mayra Cuevas is a professional journalist and fiction writer who adores love stories with happy endings. Her debut fiction short story was selected by Becky Albertalli as a New Voice in the\u00a0<em>Foreshadow<\/em>\u00a0YA serial anthology in 2019. She is a TV and digital producer for CNN, where she has worked since 2003. She keeps her sanity by practicing Buddhist meditation and serves on the Board of Directors of Kadampa Meditation Center Georgia. She lives in the colorful town of Norcross, Georgia with her husband, also a CNN journalist, and their cat, Felicia. She is the wicked step-mom to two amazing young men who provide plenty of inspiration for her stories. Follow her on Twitter <a href=\"http:\/\/www.twitter.com\/MayraECuevas\">@MayraECuevas<\/a>\u00a0and Instagram\u00a0<a href=\"http:\/\/www.instagram.com\/MayraCuevas\">@MayraCuevas<\/a>.<\/p>\n<p><a href=\"https:\/\/staging-harpercollinsfocuscom.kinsta.cloud\/blinkyabooks\/wp-content\/uploads\/sites\/2\/2019\/09\/Screen-Shot-2019-09-23-at-12.59.32-PM.png\"><img loading=\"lazy\" decoding=\"async\" class=\"aligncenter size-medium wp-image-2505\" src=\"https:\/\/staging-harpercollinsfocuscom.kinsta.cloud\/blinkyabooks\/wp-content\/uploads\/sites\/2\/2019\/09\/Screen-Shot-2019-09-23-at-12.59.32-PM-200x300.png\" alt=\"\" width=\"200\" height=\"300\" srcset=\"https:\/\/staging.harpercollinsfocus.hcusweb.com\/blinkyabooks\/wp-content\/uploads\/sites\/6\/2019\/09\/Screen-Shot-2019-09-23-at-12.59.32-PM-200x300.png 200w, https:\/\/staging.harpercollinsfocus.hcusweb.com\/blinkyabooks\/wp-content\/uploads\/sites\/6\/2019\/09\/Screen-Shot-2019-09-23-at-12.59.32-PM.png 616w\" sizes=\"auto, (max-width: 200px) 100vw, 200px\" \/><\/a><\/p>\n<p><strong>ABOUT SALTY, BITTER, SWEET:<\/strong><br \/>\n<strong>A slow-burn romance in a cutthroat kitchen! There\u2019s more to becoming a top chef for 17-year-old Isabella Fields than just not getting chopped \u2026 especially when the chances of things heating up with an intriguing boy and becoming a food star in the kitchen are both on the chopping block.<\/strong><\/p>\n<p>SALTY, BITTER, SWEET:<\/p>\n<ul>\n<li>Is a YA contemporary #OwnVoices novel written by CNN producer Mayra Cuevas<\/li>\n<li>Features a Latina main character who is trilingual<\/li>\n<li>Is inspired by the author\u2019s relationships with food and family<\/li>\n<li>Explores complicated family dynamics and relatable themes of friendship, acceptance, and learning to care for yourself<\/li>\n<\/ul>\n<p>&nbsp;<\/p>\n","protected":false},"excerpt":{"rendered":"<p>Special Blog Post by Mayra Cuevas, author of Salty, Bitter, Sweet There are a million and one reasons why I\u2019m lucky to have been born and raised in Puerto Rico. Its beaches, mountains, food, music, culture, people can all be described in one word: magical. This magic is also manifested in the written word of [&hellip;]<\/p>\n","protected":false},"author":4,"featured_media":0,"comment_status":"closed","ping_status":"open","sticky":false,"template":"","format":"standard","meta":{"_acf_changed":false,"footnotes":""},"categories":[2],"tags":[],"class_list":["post-2482","post","type-post","status-publish","format-standard","hentry","category-news-notes"],"acf":[],"yoast_head":"<!-- This site is optimized with the Yoast SEO plugin v27.5 - https:\/\/yoast.com\/product\/yoast-seo-wordpress\/ -->\n<title>Hispanic Heritage Month: Celebrating The Puerto Rican Authors Of My Teen Years - Blink YA Books<\/title>\n<meta name=\"robots\" content=\"index, follow, max-snippet:-1, max-image-preview:large, max-video-preview:-1\" \/>\n<link rel=\"canonical\" href=\"https:\/\/staging.harpercollinsfocus.hcusweb.com\/blinkyabooks\/hispanic-heritage-month-celebrating-the-puerto-rican-authors-of-my-teen-years\/\" \/>\n<meta property=\"og:locale\" content=\"en_US\" \/>\n<meta property=\"og:type\" content=\"article\" \/>\n<meta property=\"og:title\" content=\"Hispanic Heritage Month: Celebrating The Puerto Rican Authors Of My Teen Years - Blink YA Books\" \/>\n<meta property=\"og:description\" content=\"Special Blog Post by Mayra Cuevas, author of Salty, Bitter, Sweet There are a million and one reasons why I\u2019m lucky to have been born and raised in Puerto Rico. Its beaches, mountains, food, music, culture, people can all be described in one word: magical. This magic is also manifested in the written word of [&hellip;]\" \/>\n<meta property=\"og:url\" content=\"https:\/\/staging.harpercollinsfocus.hcusweb.com\/blinkyabooks\/hispanic-heritage-month-celebrating-the-puerto-rican-authors-of-my-teen-years\/\" \/>\n<meta property=\"og:site_name\" content=\"Blink YA Books\" \/>\n<meta property=\"article:published_time\" content=\"2019-09-23T17:38:26+00:00\" \/>\n<meta property=\"article:modified_time\" content=\"2026-01-02T08:18:35+00:00\" \/>\n<meta property=\"og:image\" content=\"https:\/\/staging-harpercollinsfocuscom.kinsta.cloud\/blinkyabooks\/wp-content\/uploads\/sites\/2\/2019\/09\/Screen-Shot-2019-09-23-at-12.59.32-PM-200x300.png\" \/>\n<meta name=\"author\" content=\"harper-horizon\" \/>\n<meta name=\"twitter:card\" content=\"summary_large_image\" \/>\n<meta name=\"twitter:label1\" content=\"Written by\" \/>\n\t<meta name=\"twitter:data1\" content=\"harper-horizon\" \/>\n\t<meta name=\"twitter:label2\" content=\"Est. reading time\" \/>\n\t<meta name=\"twitter:data2\" content=\"3 minutes\" \/>\n<script type=\"application\/ld+json\" class=\"yoast-schema-graph\">{\"@context\":\"https:\\\/\\\/schema.org\",\"@graph\":[{\"@type\":\"Article\",\"@id\":\"https:\\\/\\\/staging.harpercollinsfocus.hcusweb.com\\\/blinkyabooks\\\/hispanic-heritage-month-celebrating-the-puerto-rican-authors-of-my-teen-years\\\/#article\",\"isPartOf\":{\"@id\":\"https:\\\/\\\/staging.harpercollinsfocus.hcusweb.com\\\/blinkyabooks\\\/hispanic-heritage-month-celebrating-the-puerto-rican-authors-of-my-teen-years\\\/\"},\"author\":{\"name\":\"harper-horizon\",\"@id\":\"https:\\\/\\\/staging.harpercollinsfocus.hcusweb.com\\\/blinkyabooks\\\/#\\\/schema\\\/person\\\/19a8d7d3fcab0feafa6b075c5a1e2c65\"},\"headline\":\"Hispanic Heritage Month: Celebrating The Puerto Rican Authors Of My Teen Years\",\"datePublished\":\"2019-09-23T17:38:26+00:00\",\"dateModified\":\"2026-01-02T08:18:35+00:00\",\"mainEntityOfPage\":{\"@id\":\"https:\\\/\\\/staging.harpercollinsfocus.hcusweb.com\\\/blinkyabooks\\\/hispanic-heritage-month-celebrating-the-puerto-rican-authors-of-my-teen-years\\\/\"},\"wordCount\":625,\"image\":{\"@id\":\"https:\\\/\\\/staging.harpercollinsfocus.hcusweb.com\\\/blinkyabooks\\\/hispanic-heritage-month-celebrating-the-puerto-rican-authors-of-my-teen-years\\\/#primaryimage\"},\"thumbnailUrl\":\"https:\\\/\\\/staging-harpercollinsfocuscom.kinsta.cloud\\\/blinkyabooks\\\/wp-content\\\/uploads\\\/sites\\\/2\\\/2019\\\/09\\\/Screen-Shot-2019-09-23-at-12.59.32-PM-200x300.png\",\"articleSection\":[\"News &amp; Notes\"],\"inLanguage\":\"en-US\"},{\"@type\":\"WebPage\",\"@id\":\"https:\\\/\\\/staging.harpercollinsfocus.hcusweb.com\\\/blinkyabooks\\\/hispanic-heritage-month-celebrating-the-puerto-rican-authors-of-my-teen-years\\\/\",\"url\":\"https:\\\/\\\/staging.harpercollinsfocus.hcusweb.com\\\/blinkyabooks\\\/hispanic-heritage-month-celebrating-the-puerto-rican-authors-of-my-teen-years\\\/\",\"name\":\"Hispanic Heritage Month: Celebrating The Puerto Rican Authors Of My Teen Years - Blink YA Books\",\"isPartOf\":{\"@id\":\"https:\\\/\\\/staging.harpercollinsfocus.hcusweb.com\\\/blinkyabooks\\\/#website\"},\"primaryImageOfPage\":{\"@id\":\"https:\\\/\\\/staging.harpercollinsfocus.hcusweb.com\\\/blinkyabooks\\\/hispanic-heritage-month-celebrating-the-puerto-rican-authors-of-my-teen-years\\\/#primaryimage\"},\"image\":{\"@id\":\"https:\\\/\\\/staging.harpercollinsfocus.hcusweb.com\\\/blinkyabooks\\\/hispanic-heritage-month-celebrating-the-puerto-rican-authors-of-my-teen-years\\\/#primaryimage\"},\"thumbnailUrl\":\"https:\\\/\\\/staging-harpercollinsfocuscom.kinsta.cloud\\\/blinkyabooks\\\/wp-content\\\/uploads\\\/sites\\\/2\\\/2019\\\/09\\\/Screen-Shot-2019-09-23-at-12.59.32-PM-200x300.png\",\"datePublished\":\"2019-09-23T17:38:26+00:00\",\"dateModified\":\"2026-01-02T08:18:35+00:00\",\"author\":{\"@id\":\"https:\\\/\\\/staging.harpercollinsfocus.hcusweb.com\\\/blinkyabooks\\\/#\\\/schema\\\/person\\\/19a8d7d3fcab0feafa6b075c5a1e2c65\"},\"breadcrumb\":{\"@id\":\"https:\\\/\\\/staging.harpercollinsfocus.hcusweb.com\\\/blinkyabooks\\\/hispanic-heritage-month-celebrating-the-puerto-rican-authors-of-my-teen-years\\\/#breadcrumb\"},\"inLanguage\":\"en-US\",\"potentialAction\":[{\"@type\":\"ReadAction\",\"target\":[\"https:\\\/\\\/staging.harpercollinsfocus.hcusweb.com\\\/blinkyabooks\\\/hispanic-heritage-month-celebrating-the-puerto-rican-authors-of-my-teen-years\\\/\"]}]},{\"@type\":\"ImageObject\",\"inLanguage\":\"en-US\",\"@id\":\"https:\\\/\\\/staging.harpercollinsfocus.hcusweb.com\\\/blinkyabooks\\\/hispanic-heritage-month-celebrating-the-puerto-rican-authors-of-my-teen-years\\\/#primaryimage\",\"url\":\"https:\\\/\\\/staging-harpercollinsfocuscom.kinsta.cloud\\\/blinkyabooks\\\/wp-content\\\/uploads\\\/sites\\\/2\\\/2019\\\/09\\\/Screen-Shot-2019-09-23-at-12.59.32-PM-200x300.png\",\"contentUrl\":\"https:\\\/\\\/staging-harpercollinsfocuscom.kinsta.cloud\\\/blinkyabooks\\\/wp-content\\\/uploads\\\/sites\\\/2\\\/2019\\\/09\\\/Screen-Shot-2019-09-23-at-12.59.32-PM-200x300.png\"},{\"@type\":\"BreadcrumbList\",\"@id\":\"https:\\\/\\\/staging.harpercollinsfocus.hcusweb.com\\\/blinkyabooks\\\/hispanic-heritage-month-celebrating-the-puerto-rican-authors-of-my-teen-years\\\/#breadcrumb\",\"itemListElement\":[{\"@type\":\"ListItem\",\"position\":1,\"name\":\"Home\",\"item\":\"https:\\\/\\\/staging.harpercollinsfocus.hcusweb.com\\\/blinkyabooks\\\/\"},{\"@type\":\"ListItem\",\"position\":2,\"name\":\"Hispanic Heritage Month: Celebrating The Puerto Rican Authors Of My Teen Years\"}]},{\"@type\":\"WebSite\",\"@id\":\"https:\\\/\\\/staging.harpercollinsfocus.hcusweb.com\\\/blinkyabooks\\\/#website\",\"url\":\"https:\\\/\\\/staging.harpercollinsfocus.hcusweb.com\\\/blinkyabooks\\\/\",\"name\":\"Blink YA Books\",\"description\":\"\",\"potentialAction\":[{\"@type\":\"SearchAction\",\"target\":{\"@type\":\"EntryPoint\",\"urlTemplate\":\"https:\\\/\\\/staging.harpercollinsfocus.hcusweb.com\\\/blinkyabooks\\\/?s={search_term_string}\"},\"query-input\":{\"@type\":\"PropertyValueSpecification\",\"valueRequired\":true,\"valueName\":\"search_term_string\"}}],\"inLanguage\":\"en-US\"},{\"@type\":\"Person\",\"@id\":\"https:\\\/\\\/staging.harpercollinsfocus.hcusweb.com\\\/blinkyabooks\\\/#\\\/schema\\\/person\\\/19a8d7d3fcab0feafa6b075c5a1e2c65\",\"name\":\"harper-horizon\",\"image\":{\"@type\":\"ImageObject\",\"inLanguage\":\"en-US\",\"@id\":\"https:\\\/\\\/secure.gravatar.com\\\/avatar\\\/d6013ef6465e7a255092d046ad7e688881eabd0518b55a86effbd88df50258a1?s=96&d=mm&r=g\",\"url\":\"https:\\\/\\\/secure.gravatar.com\\\/avatar\\\/d6013ef6465e7a255092d046ad7e688881eabd0518b55a86effbd88df50258a1?s=96&d=mm&r=g\",\"contentUrl\":\"https:\\\/\\\/secure.gravatar.com\\\/avatar\\\/d6013ef6465e7a255092d046ad7e688881eabd0518b55a86effbd88df50258a1?s=96&d=mm&r=g\",\"caption\":\"harper-horizon\"},\"url\":\"https:\\\/\\\/staging.harpercollinsfocus.hcusweb.com\\\/blinkyabooks\\\/author\\\/harper-horizon\\\/\"}]}<\/script>\n<!-- \/ Yoast SEO plugin. -->","yoast_head_json":{"title":"Hispanic Heritage Month: Celebrating The Puerto Rican Authors Of My Teen Years - Blink YA Books","robots":{"index":"index","follow":"follow","max-snippet":"max-snippet:-1","max-image-preview":"max-image-preview:large","max-video-preview":"max-video-preview:-1"},"canonical":"https:\/\/staging.harpercollinsfocus.hcusweb.com\/blinkyabooks\/hispanic-heritage-month-celebrating-the-puerto-rican-authors-of-my-teen-years\/","og_locale":"en_US","og_type":"article","og_title":"Hispanic Heritage Month: Celebrating The Puerto Rican Authors Of My Teen Years - Blink YA Books","og_description":"Special Blog Post by Mayra Cuevas, author of Salty, Bitter, Sweet There are a million and one reasons why I\u2019m lucky to have been born and raised in Puerto Rico. Its beaches, mountains, food, music, culture, people can all be described in one word: magical. This magic is also manifested in the written word of [&hellip;]","og_url":"https:\/\/staging.harpercollinsfocus.hcusweb.com\/blinkyabooks\/hispanic-heritage-month-celebrating-the-puerto-rican-authors-of-my-teen-years\/","og_site_name":"Blink YA Books","article_published_time":"2019-09-23T17:38:26+00:00","article_modified_time":"2026-01-02T08:18:35+00:00","og_image":[{"url":"https:\/\/staging-harpercollinsfocuscom.kinsta.cloud\/blinkyabooks\/wp-content\/uploads\/sites\/2\/2019\/09\/Screen-Shot-2019-09-23-at-12.59.32-PM-200x300.png","type":"","width":"","height":""}],"author":"harper-horizon","twitter_card":"summary_large_image","twitter_misc":{"Written by":"harper-horizon","Est. reading time":"3 minutes"},"schema":{"@context":"https:\/\/schema.org","@graph":[{"@type":"Article","@id":"https:\/\/staging.harpercollinsfocus.hcusweb.com\/blinkyabooks\/hispanic-heritage-month-celebrating-the-puerto-rican-authors-of-my-teen-years\/#article","isPartOf":{"@id":"https:\/\/staging.harpercollinsfocus.hcusweb.com\/blinkyabooks\/hispanic-heritage-month-celebrating-the-puerto-rican-authors-of-my-teen-years\/"},"author":{"name":"harper-horizon","@id":"https:\/\/staging.harpercollinsfocus.hcusweb.com\/blinkyabooks\/#\/schema\/person\/19a8d7d3fcab0feafa6b075c5a1e2c65"},"headline":"Hispanic Heritage Month: Celebrating The Puerto Rican Authors Of My Teen Years","datePublished":"2019-09-23T17:38:26+00:00","dateModified":"2026-01-02T08:18:35+00:00","mainEntityOfPage":{"@id":"https:\/\/staging.harpercollinsfocus.hcusweb.com\/blinkyabooks\/hispanic-heritage-month-celebrating-the-puerto-rican-authors-of-my-teen-years\/"},"wordCount":625,"image":{"@id":"https:\/\/staging.harpercollinsfocus.hcusweb.com\/blinkyabooks\/hispanic-heritage-month-celebrating-the-puerto-rican-authors-of-my-teen-years\/#primaryimage"},"thumbnailUrl":"https:\/\/staging-harpercollinsfocuscom.kinsta.cloud\/blinkyabooks\/wp-content\/uploads\/sites\/2\/2019\/09\/Screen-Shot-2019-09-23-at-12.59.32-PM-200x300.png","articleSection":["News &amp; Notes"],"inLanguage":"en-US"},{"@type":"WebPage","@id":"https:\/\/staging.harpercollinsfocus.hcusweb.com\/blinkyabooks\/hispanic-heritage-month-celebrating-the-puerto-rican-authors-of-my-teen-years\/","url":"https:\/\/staging.harpercollinsfocus.hcusweb.com\/blinkyabooks\/hispanic-heritage-month-celebrating-the-puerto-rican-authors-of-my-teen-years\/","name":"Hispanic Heritage Month: Celebrating The Puerto Rican Authors Of My Teen Years - Blink YA Books","isPartOf":{"@id":"https:\/\/staging.harpercollinsfocus.hcusweb.com\/blinkyabooks\/#website"},"primaryImageOfPage":{"@id":"https:\/\/staging.harpercollinsfocus.hcusweb.com\/blinkyabooks\/hispanic-heritage-month-celebrating-the-puerto-rican-authors-of-my-teen-years\/#primaryimage"},"image":{"@id":"https:\/\/staging.harpercollinsfocus.hcusweb.com\/blinkyabooks\/hispanic-heritage-month-celebrating-the-puerto-rican-authors-of-my-teen-years\/#primaryimage"},"thumbnailUrl":"https:\/\/staging-harpercollinsfocuscom.kinsta.cloud\/blinkyabooks\/wp-content\/uploads\/sites\/2\/2019\/09\/Screen-Shot-2019-09-23-at-12.59.32-PM-200x300.png","datePublished":"2019-09-23T17:38:26+00:00","dateModified":"2026-01-02T08:18:35+00:00","author":{"@id":"https:\/\/staging.harpercollinsfocus.hcusweb.com\/blinkyabooks\/#\/schema\/person\/19a8d7d3fcab0feafa6b075c5a1e2c65"},"breadcrumb":{"@id":"https:\/\/staging.harpercollinsfocus.hcusweb.com\/blinkyabooks\/hispanic-heritage-month-celebrating-the-puerto-rican-authors-of-my-teen-years\/#breadcrumb"},"inLanguage":"en-US","potentialAction":[{"@type":"ReadAction","target":["https:\/\/staging.harpercollinsfocus.hcusweb.com\/blinkyabooks\/hispanic-heritage-month-celebrating-the-puerto-rican-authors-of-my-teen-years\/"]}]},{"@type":"ImageObject","inLanguage":"en-US","@id":"https:\/\/staging.harpercollinsfocus.hcusweb.com\/blinkyabooks\/hispanic-heritage-month-celebrating-the-puerto-rican-authors-of-my-teen-years\/#primaryimage","url":"https:\/\/staging-harpercollinsfocuscom.kinsta.cloud\/blinkyabooks\/wp-content\/uploads\/sites\/2\/2019\/09\/Screen-Shot-2019-09-23-at-12.59.32-PM-200x300.png","contentUrl":"https:\/\/staging-harpercollinsfocuscom.kinsta.cloud\/blinkyabooks\/wp-content\/uploads\/sites\/2\/2019\/09\/Screen-Shot-2019-09-23-at-12.59.32-PM-200x300.png"},{"@type":"BreadcrumbList","@id":"https:\/\/staging.harpercollinsfocus.hcusweb.com\/blinkyabooks\/hispanic-heritage-month-celebrating-the-puerto-rican-authors-of-my-teen-years\/#breadcrumb","itemListElement":[{"@type":"ListItem","position":1,"name":"Home","item":"https:\/\/staging.harpercollinsfocus.hcusweb.com\/blinkyabooks\/"},{"@type":"ListItem","position":2,"name":"Hispanic Heritage Month: Celebrating The Puerto Rican Authors Of My Teen Years"}]},{"@type":"WebSite","@id":"https:\/\/staging.harpercollinsfocus.hcusweb.com\/blinkyabooks\/#website","url":"https:\/\/staging.harpercollinsfocus.hcusweb.com\/blinkyabooks\/","name":"Blink YA Books","description":"","potentialAction":[{"@type":"SearchAction","target":{"@type":"EntryPoint","urlTemplate":"https:\/\/staging.harpercollinsfocus.hcusweb.com\/blinkyabooks\/?s={search_term_string}"},"query-input":{"@type":"PropertyValueSpecification","valueRequired":true,"valueName":"search_term_string"}}],"inLanguage":"en-US"},{"@type":"Person","@id":"https:\/\/staging.harpercollinsfocus.hcusweb.com\/blinkyabooks\/#\/schema\/person\/19a8d7d3fcab0feafa6b075c5a1e2c65","name":"harper-horizon","image":{"@type":"ImageObject","inLanguage":"en-US","@id":"https:\/\/secure.gravatar.com\/avatar\/d6013ef6465e7a255092d046ad7e688881eabd0518b55a86effbd88df50258a1?s=96&d=mm&r=g","url":"https:\/\/secure.gravatar.com\/avatar\/d6013ef6465e7a255092d046ad7e688881eabd0518b55a86effbd88df50258a1?s=96&d=mm&r=g","contentUrl":"https:\/\/secure.gravatar.com\/avatar\/d6013ef6465e7a255092d046ad7e688881eabd0518b55a86effbd88df50258a1?s=96&d=mm&r=g","caption":"harper-horizon"},"url":"https:\/\/staging.harpercollinsfocus.hcusweb.com\/blinkyabooks\/author\/harper-horizon\/"}]}},"_links":{"self":[{"href":"https:\/\/staging.harpercollinsfocus.hcusweb.com\/blinkyabooks\/wp-json\/wp\/v2\/posts\/2482","targetHints":{"allow":["GET"]}}],"collection":[{"href":"https:\/\/staging.harpercollinsfocus.hcusweb.com\/blinkyabooks\/wp-json\/wp\/v2\/posts"}],"about":[{"href":"https:\/\/staging.harpercollinsfocus.hcusweb.com\/blinkyabooks\/wp-json\/wp\/v2\/types\/post"}],"author":[{"embeddable":true,"href":"https:\/\/staging.harpercollinsfocus.hcusweb.com\/blinkyabooks\/wp-json\/wp\/v2\/users\/4"}],"replies":[{"embeddable":true,"href":"https:\/\/staging.harpercollinsfocus.hcusweb.com\/blinkyabooks\/wp-json\/wp\/v2\/comments?post=2482"}],"version-history":[{"count":1,"href":"https:\/\/staging.harpercollinsfocus.hcusweb.com\/blinkyabooks\/wp-json\/wp\/v2\/posts\/2482\/revisions"}],"predecessor-version":[{"id":3675,"href":"https:\/\/staging.harpercollinsfocus.hcusweb.com\/blinkyabooks\/wp-json\/wp\/v2\/posts\/2482\/revisions\/3675"}],"wp:attachment":[{"href":"https:\/\/staging.harpercollinsfocus.hcusweb.com\/blinkyabooks\/wp-json\/wp\/v2\/media?parent=2482"}],"wp:term":[{"taxonomy":"category","embeddable":true,"href":"https:\/\/staging.harpercollinsfocus.hcusweb.com\/blinkyabooks\/wp-json\/wp\/v2\/categories?post=2482"},{"taxonomy":"post_tag","embeddable":true,"href":"https:\/\/staging.harpercollinsfocus.hcusweb.com\/blinkyabooks\/wp-json\/wp\/v2\/tags?post=2482"}],"curies":[{"name":"wp","href":"https:\/\/api.w.org\/{rel}","templated":true}]}}